{"id":5011,"date":"2025-12-02T13:24:24","date_gmt":"2025-12-02T12:24:24","guid":{"rendered":"https:\/\/lama-bs.sk\/?p=5011"},"modified":"2026-03-02T14:28:31","modified_gmt":"2026-03-02T13:28:31","slug":"colortrends-2026-nejzhavejsi-barvy-pro-vas-domov","status":"publish","type":"post","link":"https:\/\/lama-bs.sk\/cs\/colortrends-2026-nejzhavejsi-barvy-pro-vas-domov\/","title":{"rendered":"Colortrends 2026: nej\u017ehav\u011bj\u0161\u00ed barvy pro v\u00e1\u0161 domov"},"content":{"rendered":"<p><em><span style=\"color: #999999;\">Image source: Shutterstock<\/span><\/em><\/p>\n<p><strong>Ka\u017ed\u00fd rok p\u0159in\u00e1\u0161\u00ed do&nbsp;interi\u00e9rov\u00e9ho designu nov\u00e9 inspirace. Barvy roku 2026 ukazuj\u00ed n\u00e1vrat k&nbsp;p\u0159\u00edrod\u011b, k&nbsp;jemnosti a&nbsp;k&nbsp;rovnov\u00e1ze mezi teplem domova a&nbsp;modern\u00ed estetikou. Mo\u017en\u00e1 si \u0159\u00edk\u00e1te, \u017ee&nbsp;barvy jsou jen vizu\u00e1ln\u00ed detail, ale ve skute\u010dnosti ur\u010duj\u00ed, jak se doma c\u00edt\u00edte. Kdy\u017e si zvol\u00edte odst\u00edny, kter\u00e9 souzn\u00ed s&nbsp;va\u0161\u00edm prostorem i&nbsp;osobnost\u00ed, prom\u011bn\u00edte oby\u010dejn\u00fd interi\u00e9r v&nbsp;m\u00edsto, kde se \u017eije s&nbsp;lehkost\u00ed.<\/strong><\/p>\n<h2><strong>Barvy roku 2026 \u2013 co ur\u010duj\u00ed a&nbsp;pro\u010d na&nbsp;nich z\u00e1le\u017e\u00ed<\/strong><\/h2>\n<p>Ka\u017ed\u00fd rok vyb\u00edraj\u00ed spole\u010dnosti jako Pantone, Dulux nebo AkzoNobel t\u00f3n, kter\u00fd odr\u00e1\u017e\u00ed n\u00e1ladu doby. <strong>Barvy roku 2026 vych\u00e1zej\u00ed z&nbsp;touhy po&nbsp;klidu, rovnov\u00e1ze a&nbsp;n\u00e1vratu k&nbsp;p\u0159irozenosti<\/strong>. Nejde jen o&nbsp;trend v&nbsp;designu, ale o&nbsp;zp\u016fsob, jak vytvo\u0159it prostor, kter\u00fd p\u016fsob\u00ed p\u0159irozen\u011b a&nbsp;zdrav\u011b.<\/p>\n<p>P\u0159edstavte si, \u017ee&nbsp;se vr\u00e1t\u00edte dom\u016f a&nbsp;v\u00e1\u0161 ob\u00fdvac\u00ed pokoj v\u00e1s p\u0159iv\u00edt\u00e1 teplou zemitou barvou, kter\u00e1 uklidn\u00ed mysl. Pr\u00e1v\u011b takto funguj\u00ed trendy roku 2026 \u2013 jemn\u011b, ale s&nbsp;hlubok\u00fdm \u00fa\u010dinkem.<\/p>\n<h2><strong>Hlavn\u00ed odst\u00edny roku 2026 \u2013 harmonie, p\u0159\u00edroda a&nbsp;optimismus<\/strong><\/h2>\n<p>Rok 2026 p\u0159in\u00e1\u0161\u00ed <strong>barvy, kter\u00e9 propojuj\u00ed zemi, vodu a&nbsp;sv\u011btlo<\/strong>. Design\u00e9\u0159i s\u00e1z\u00ed na&nbsp;<strong>p\u0159\u00edrodn\u00ed zelen\u00e9 t\u00f3ny, hlin\u011bn\u00e9 neutr\u00e1ly, jemn\u00e9 p\u00edskov\u00e9 odst\u00edny<\/strong> a&nbsp;<strong>tepl\u00e9 akcenty karamelu \u010di&nbsp;m\u011bdi<\/strong>. C\u00edlem je vytvo\u0159it pocit harmonie, nikoli p\u0159em\u00edry.<\/p>\n<p>Kdy\u017e se d\u00edv\u00e1te na&nbsp;m\u00edstnost lad\u011bnou do&nbsp;p\u0159\u00edrodn\u00edch barev, c\u00edt\u00edte, \u017ee&nbsp;d\u00fdch\u00e1. <a href=\"https:\/\/lama-bs.sk\/cs\/biophilic-design-propojeni-s-prirodou-v-interieru\/\" target=\"_blank\" rel=\"noopener\">Zele\u0148 na&nbsp;st\u011bn\u00e1ch<\/a> navazuje <strong>kontakt s&nbsp;venkovn\u00ed p\u0159\u00edrodou<\/strong>, <strong>hn\u011bd\u00e9 a&nbsp;b\u00e9\u017eov\u00e9 p\u0159in\u00e1\u0161ej\u00ed stabilitu<\/strong>. Barvy roku 2026 tak&nbsp;<strong>propojuj\u00ed estetiku s&nbsp;emocemi<\/strong>\u00a0 a&nbsp;pr\u00e1v\u011b proto si je interi\u00e9rov\u00fd design tak&nbsp;rychle osvojil.<\/p>\n<h3><strong>Tepl\u00e9 odst\u00edny, kter\u00e9 zah\u0159ej\u00ed domov<\/strong><\/h3>\n<p><strong>Zlatav\u00e9 a&nbsp;karamelov\u00e9 t\u00f3ny<\/strong> dod\u00e1vaj\u00ed prostoru \u00fatulnost.<strong> Skv\u011ble funguj\u00ed v&nbsp;ob\u00fdvac\u00edch pokoj\u00edch a&nbsp;kuchyn\u00edch<\/strong>, kde se tr\u00e1v\u00ed nejv\u00edce \u010dasu. P\u0159edstavte si, \u017ee&nbsp;se r\u00e1no probud\u00edte do&nbsp;m\u00edstnosti, kterou zal\u00e9v\u00e1 m\u011bkk\u00e9 sv\u011btlo a&nbsp;<strong>tepl\u00fd odst\u00edn st\u011bn vytv\u00e1\u0159\u00ed pocit bezpe\u010d\u00ed<\/strong>. Teplo barev toti\u017e&nbsp;p\u0159in\u00e1\u0161\u00ed i&nbsp;<strong>emocion\u00e1ln\u00ed klid<\/strong>.<\/p>\n<h3><strong>Chladn\u00e9 t\u00f3ny pro modern\u00ed eleganci<\/strong><\/h3>\n<p>Na opa\u010dn\u00e9m konci palety stoj\u00ed odst\u00edny modr\u00e9 a&nbsp;\u0161ed\u00e9. Tyto barvy vytv\u00e1\u0159ej\u00ed pocit \u010distoty, prostoru a&nbsp;vzdu\u0161nosti. Jsou ide\u00e1ln\u00ed pro pracovny a&nbsp;lo\u017enice, kde pot\u0159ebujete klid a&nbsp;rovnov\u00e1hu. Kdy\u017e se d\u00edv\u00e1te na&nbsp;jemn\u011b modrou st\u011bnu, m\u00e1te pocit, \u017ee&nbsp;prostor se otev\u00edr\u00e1 a&nbsp;nadechuje.<\/p>\n<h2><strong>Jak za\u010dlenit barvy roku 2026 do&nbsp;va\u0161eho interi\u00e9ru<\/strong><\/h2>\n<p>Nemus\u00edte hned p\u0159emalovat cel\u00fd byt. N\u011bkdy sta\u010d\u00ed <strong>p\u0159idat akcent v&nbsp;podob\u011b pol\u0161t\u00e1\u0159\u016f, obrazu nebo men\u0161\u00ed plochy na&nbsp;zdi<\/strong>. Barvy roku 2026 m\u016f\u017eete <strong>snadno kombinovat s<a href=\"https:\/\/lama-bs.sk\/cs\/prirodni-materialy-v-modernim-bydleni\/\" target=\"_blank\" rel=\"noopener\"> p\u0159\u00edrodn\u00edmi materi\u00e1ly<\/a> \u2013 d\u0159evem, lnem nebo kamenem<\/strong>. Pokud m\u00e1te r\u00e1di neutr\u00e1ln\u00ed interi\u00e9ry, zkuste barvu p\u0159idat ve form\u011b dopl\u0148k\u016f.<\/p>\n<p>P\u0159edstavte si, \u017ee&nbsp;v\u00e1\u0161 neutr\u00e1ln\u00ed ob\u00fdv\u00e1k dopln\u00edte o&nbsp;m\u011bd\u011bn\u00e9 v\u00e1zy a&nbsp;zelen\u00e9 rostliny. Z\u00edsk\u00e1te novou energii, ani\u017e byste zm\u011bnili styl. Trend 2026 stoj\u00ed na&nbsp;rovnov\u00e1ze \u2013 na&nbsp;barv\u00e1ch, kter\u00e9 p\u016fsob\u00ed jemn\u011b, ale maj\u00ed charakter.<\/p>\n<h2><strong>Sv\u011btlo a&nbsp;st\u00edn \u2013 jak barvy o\u017e\u00edvaj\u00ed v&nbsp;r\u016fzn\u00fdch podm\u00ednk\u00e1ch<\/strong><\/h2>\n<p>Barva nikdy nep\u016fsob\u00ed izolovan\u011b. M\u011bn\u00ed se podle sv\u011btla, povrch\u016f a&nbsp;textur. Co vypad\u00e1 skv\u011ble r\u00e1no, m\u016f\u017ee ve\u010der p\u016fsobit \u00fapln\u011b jinak. Proto p\u0159i v\u00fdb\u011bru odst\u00ednu sledujte, jak barva reaguje na&nbsp;p\u0159irozen\u00e9 sv\u011btlo ve va\u0161\u00ed m\u00edstnosti.<\/p>\n<p>Pokud m\u00e1te <strong>okna orientovan\u00e1 na&nbsp;jih, s\u00e1hn\u011bte po&nbsp;chladn\u011bj\u0161\u00edch t\u00f3nech<\/strong>, kter\u00e9 sv\u011btlo vyrovnaj\u00ed. Naopak <strong>severn\u00ed pokoje pot\u0159ebuj\u00ed teplej\u0161\u00ed odst\u00edny<\/strong>. Kdy\u017e barvy spolupracuj\u00ed se sv\u011btlem, interi\u00e9r p\u016fsob\u00ed vyv\u00e1\u017een\u011b a&nbsp;p\u0159irozen\u011b.<\/p>\n<h3><strong>Bambusov\u00e9 \u017ealuzie a&nbsp;jejich souhra s&nbsp;barvami roku 2026<\/strong><\/h3>\n<p>Sv\u011btl\u00e9 a&nbsp;p\u0159\u00edrodn\u00ed materi\u00e1ly, jako <a href=\"https:\/\/lama-bs.sk\/cs\/ponuka-vnutornych-zaluzii\/\" target=\"_blank\" rel=\"noopener\"><strong>bambusov\u00e9 \u017ealuzie<\/strong><\/a>, hraj\u00ed v&nbsp;nov\u00fdch trendech v\u00fdznamnou roli. <strong>Bambus lad\u00ed s&nbsp;p\u0159\u00edrodn\u00ed paletou a&nbsp;dod\u00e1v\u00e1 prostoru m\u011bkk\u00e9 sv\u011btlo<\/strong>, kter\u00e9 zv\u00fdraz\u0148uje odst\u00edny na&nbsp;st\u011bn\u00e1ch i&nbsp;n\u00e1bytku. P\u0159edstavte si, jak p\u0159es tenk\u00e9 lamely proch\u00e1z\u00ed slune\u010dn\u00ed paprsky a&nbsp;na&nbsp;st\u011bn\u011b se m\u011bn\u00ed t\u00f3ny barvy, jemn\u011b, plynule, p\u0159irozen\u011b. <strong>Spojen\u00edm sv\u011btla, barvy a&nbsp;p\u0159\u00edrodn\u00edho materi\u00e1lu vytvo\u0159\u00edte harmonii<\/strong>, kterou \u017e\u00e1dn\u00fd um\u011bl\u00fd prvek nenahrad\u00ed.<\/p>\n<h2><strong>Psychologie barev \u2013 co v\u00e1m barvy roku 2026 mohou p\u0159in\u00e9st<\/strong><\/h2>\n<p>Ka\u017ed\u00e1 barva nese energii. <strong>Zelen\u00e1 uklid\u0148uje<\/strong> a&nbsp;podporuje regeneraci, <strong>modr\u00e1 pom\u00e1h\u00e1 soust\u0159edit se<\/strong>, <strong>b\u00e9\u017eov\u00e1 a&nbsp;hn\u011bd\u00e1 d\u00e1vaj\u00ed pocit jistoty<\/strong>. Kdy\u017e do&nbsp;sv\u00e9ho interi\u00e9ru za\u010dlen\u00edte barvy roku 2026, vn\u00e1\u0161\u00edte do&nbsp;n\u011bj rovnov\u00e1hu. <strong>Trendy se tentokr\u00e1t nesoust\u0159ed\u00ed na&nbsp;kontrast, ale na&nbsp;harmonii<\/strong>. Barvy ovliv\u0148uj\u00ed nejen to, jak prostor vypad\u00e1, ale i&nbsp;to, jak se v&nbsp;n\u011bm c\u00edt\u00edte. Kdy\u017e zvol\u00edte paletu, kter\u00e1 lad\u00ed s&nbsp;va\u0161\u00edm \u017eivotn\u00edm rytmem, domov se st\u00e1v\u00e1 \u00fato\u010di\u0161t\u011bm.<\/p>\n<h2><strong>Inspirace pro jednotliv\u00e9 m\u00edstnosti<\/strong><\/h2>\n<p><a href=\"https:\/\/lama-bs.sk\/cs\/inspirace-pro-moderni-obyvaci-pokoj-tipy-a-triky-pro-vas-pokoj\/\" target=\"_blank\" rel=\"noopener\"><strong>Ob\u00fdvac\u00ed pokoj<\/strong><\/a> si \u017e\u00e1d\u00e1 <strong>tepl\u00e9 neutr\u00e1ly a&nbsp;d\u0159ev\u011bn\u00e9 akcenty<\/strong>, kter\u00e9 prostor z\u00fatuln\u00ed. <strong>V lo\u017enici<\/strong> zvolte<strong> jemn\u00e9 modr\u00e9 nebo pastelov\u00e9 t\u00f3ny<\/strong>, kter\u00e9 uklid\u0148uj\u00ed mysl. <strong>Kuchyni<\/strong> rozz\u00e1\u0159\u00ed <strong>p\u0159\u00edrodn\u00ed zelen\u00e9 odst\u00edny a&nbsp;terakota<\/strong>, kter\u00e9 podporuj\u00ed vitalitu a&nbsp;chu\u0165 k&nbsp;j\u00eddlu. <strong>V koupeln\u011b<\/strong> funguj\u00ed<strong> sv\u011btl\u00e9 \u0161ed\u00e9 t\u00f3ny<\/strong>, kter\u00e9 zv\u00fdrazn\u00ed \u010distotu a&nbsp;klid. Ka\u017ed\u00e1 m\u00edstnost m\u00e1 sv\u016fj rytmus a&nbsp;barvy ho dok\u00e1\u017eou podpo\u0159it. P\u0159edstavte si, \u017ee&nbsp;ka\u017ed\u00fd prostor vypr\u00e1v\u00ed jin\u00fd p\u0159\u00edb\u011bh ale v\u0161echny spojuje pocit rovnov\u00e1hy.<\/p>\n<h3><strong>Barvy roku 2026 jako nov\u00fd jazyk domova<\/strong><\/h3>\n<p>Barvy roku 2026 nejsou jen o&nbsp;designu. <strong>Jsou o&nbsp;\u017eivotn\u00edm stylu, o&nbsp;rovnov\u00e1ze mezi modern\u00edm komfortem a&nbsp;n\u00e1vratem k&nbsp;p\u0159\u00edrod\u011b<\/strong>. Kdy\u017e se obklop\u00edte odst\u00edny, kter\u00e9 v\u00e1m d\u00e1vaj\u00ed pocit klidu, v\u00e1\u0161 domov za\u010dne \u201ed\u00fdchat\u201c. P\u0159edstavte si, \u017ee&nbsp;ka\u017ed\u00fd t\u00f3n, kter\u00fd zvol\u00edte, vypr\u00e1v\u00ed v\u00e1\u0161 osobn\u00ed p\u0159\u00edb\u011bh \u2013 o&nbsp;harmonii, sv\u011btle a&nbsp;pohod\u011b.<\/p>\n","protected":false},"excerpt":{"rendered":"<p>Image source: Shutterstock Ka\u017ed\u00fd rok p\u0159in\u00e1\u0161\u00ed do&nbsp;interi\u00e9rov\u00e9ho designu nov\u00e9 inspirace. Barvy roku 2026 ukazuj\u00ed n\u00e1vrat k&nbsp;p\u0159\u00edrod\u011b, k&nbsp;jemnosti a&nbsp;k&nbsp;rovnov\u00e1ze mezi teplem domova a&nbsp;modern\u00ed estetikou. Mo\u017en\u00e1 si \u0159\u00edk\u00e1te, \u017ee&nbsp;barvy jsou jen vizu\u00e1ln\u00ed detail, ale ve skute\u010dnosti ur\u010duj\u00ed, jak se doma c\u00edt\u00edte. Kdy\u017e si zvol\u00edte odst\u00edny, kter\u00e9 souzn\u00ed s&nbsp;va\u0161\u00edm prostorem i&nbsp;osobnost\u00ed, prom\u011bn\u00edte oby\u010dejn\u00fd interi\u00e9r v&nbsp;m\u00edsto, kde se \u017eije [&hellip;]<\/p>\n","protected":false},"author":1,"featured_media":4988,"comment_status":"closed","ping_status":"closed","sticky":false,"template":"","format":"standard","meta":{"footnotes":""},"categories":[11],"tags":[],"class_list":["post-5011","post","type-post","status-publish","format-standard","has-post-thumbnail","hentry","category-zajimavosti"],"yoast_head":"<!-- This site is optimized with the Yoast SEO plugin v26.4 - https:\/\/yoast.com\/wordpress\/plugins\/seo\/ -->\n<title>Colortrends 2026: nej\u017ehav\u011bj\u0161\u00ed barvy pro v\u00e1\u0161 domov | LAMA Bamboo systems s.r.o.<\/title>\n<meta name=\"description\" content=\"Objevte barvy roku 2026 a zjist\u011bte, jak ovlivn\u00ed atmosf\u00e9ru va\u0161eho domova. Nau\u010dte se je kombinovat tak, aby v\u00e1\u0161 interi\u00e9r p\u016fsobil p\u0159irozen\u011b, harmonicky a modern\u011b.\" \/>\n<meta name=\"robots\" content=\"index, follow, max-snippet:-1, max-image-preview:large, max-video-preview:-1\" \/>\n<link rel=\"canonical\" href=\"https:\/\/lama-bs.sk\/cs\/colortrends-2026-nejzhavejsi-barvy-pro-vas-domov\/\" \/>\n<meta property=\"og:locale\" content=\"cs_CZ\" \/>\n<meta property=\"og:type\" content=\"article\" \/>\n<meta property=\"og:title\" content=\"Colortrends 2026: nej\u017ehav\u011bj\u0161\u00ed barvy pro v\u00e1\u0161 domov | LAMA Bamboo systems s.r.o.\" \/>\n<meta property=\"og:description\" content=\"Objevte barvy roku 2026 a zjist\u011bte, jak ovlivn\u00ed atmosf\u00e9ru va\u0161eho domova. Nau\u010dte se je kombinovat tak, aby v\u00e1\u0161 interi\u00e9r p\u016fsobil p\u0159irozen\u011b, harmonicky a modern\u011b.\" \/>\n<meta property=\"og:url\" content=\"https:\/\/lama-bs.sk\/cs\/colortrends-2026-nejzhavejsi-barvy-pro-vas-domov\/\" \/>\n<meta property=\"og:site_name\" content=\"LAMA Bamboo systems s.r.o.\" \/>\n<meta property=\"article:published_time\" content=\"2025-12-02T12:24:24+00:00\" \/>\n<meta property=\"article:modified_time\" content=\"2026-03-02T13:28:31+00:00\" \/>\n<meta property=\"og:image\" content=\"https:\/\/lama-bs.sk\/wp-content\/uploads\/2025\/10\/farby-roka-2026.webp\" \/>\n\t<meta property=\"og:image:width\" content=\"848\" \/>\n\t<meta property=\"og:image:height\" content=\"565\" \/>\n\t<meta property=\"og:image:type\" content=\"image\/webp\" \/>\n<meta name=\"author\" content=\"LAMA Bamboo\" \/>\n<meta name=\"twitter:card\" content=\"summary_large_image\" \/>\n<meta name=\"twitter:label1\" content=\"Napsal(a)\" \/>\n\t<meta name=\"twitter:data1\" content=\"LAMA Bamboo\" \/>\n\t<meta name=\"twitter:label2\" content=\"Odhadovan\u00e1 doba \u010dten\u00ed\" \/>\n\t<meta name=\"twitter:data2\" content=\"5 minut\" \/>\n<script type=\"application\/ld+json\" class=\"yoast-schema-graph\">{\"@context\":\"https:\/\/schema.org\",\"@graph\":[{\"@type\":\"WebPage\",\"@id\":\"https:\/\/lama-bs.sk\/cs\/colortrends-2026-nejzhavejsi-barvy-pro-vas-domov\/\",\"url\":\"https:\/\/lama-bs.sk\/cs\/colortrends-2026-nejzhavejsi-barvy-pro-vas-domov\/\",\"name\":\"Colortrends 2026: nej\u017ehav\u011bj\u0161\u00ed barvy pro v\u00e1\u0161 domov | LAMA Bamboo systems s.r.o.\",\"isPartOf\":{\"@id\":\"https:\/\/lama-bs.sk\/#website\"},\"primaryImageOfPage\":{\"@id\":\"https:\/\/lama-bs.sk\/cs\/colortrends-2026-nejzhavejsi-barvy-pro-vas-domov\/#primaryimage\"},\"image\":{\"@id\":\"https:\/\/lama-bs.sk\/cs\/colortrends-2026-nejzhavejsi-barvy-pro-vas-domov\/#primaryimage\"},\"thumbnailUrl\":\"https:\/\/lama-bs.sk\/wp-content\/uploads\/2025\/10\/farby-roka-2026.webp\",\"datePublished\":\"2025-12-02T12:24:24+00:00\",\"dateModified\":\"2026-03-02T13:28:31+00:00\",\"author\":{\"@id\":\"https:\/\/lama-bs.sk\/#\/schema\/person\/7d01e68cf0ebb89b4653f4e981d250ec\"},\"description\":\"Objevte barvy roku 2026 a zjist\u011bte, jak ovlivn\u00ed atmosf\u00e9ru va\u0161eho domova. Nau\u010dte se je kombinovat tak, aby v\u00e1\u0161 interi\u00e9r p\u016fsobil p\u0159irozen\u011b, harmonicky a modern\u011b.\",\"inLanguage\":\"cs\",\"potentialAction\":[{\"@type\":\"ReadAction\",\"target\":[\"https:\/\/lama-bs.sk\/cs\/colortrends-2026-nejzhavejsi-barvy-pro-vas-domov\/\"]}]},{\"@type\":\"ImageObject\",\"inLanguage\":\"cs\",\"@id\":\"https:\/\/lama-bs.sk\/cs\/colortrends-2026-nejzhavejsi-barvy-pro-vas-domov\/#primaryimage\",\"url\":\"https:\/\/lama-bs.sk\/wp-content\/uploads\/2025\/10\/farby-roka-2026.webp\",\"contentUrl\":\"https:\/\/lama-bs.sk\/wp-content\/uploads\/2025\/10\/farby-roka-2026.webp\",\"width\":848,\"height\":565,\"caption\":\"barvy roku 2026\"},{\"@type\":\"WebSite\",\"@id\":\"https:\/\/lama-bs.sk\/#website\",\"url\":\"https:\/\/lama-bs.sk\/\",\"name\":\"LAMA Bamboo systems s.r.o.\",\"description\":\"\",\"potentialAction\":[{\"@type\":\"SearchAction\",\"target\":{\"@type\":\"EntryPoint\",\"urlTemplate\":\"https:\/\/lama-bs.sk\/?s={search_term_string}\"},\"query-input\":{\"@type\":\"PropertyValueSpecification\",\"valueRequired\":true,\"valueName\":\"search_term_string\"}}],\"inLanguage\":\"cs\"},{\"@type\":\"Person\",\"@id\":\"https:\/\/lama-bs.sk\/#\/schema\/person\/7d01e68cf0ebb89b4653f4e981d250ec\",\"name\":\"LAMA Bamboo\",\"image\":{\"@type\":\"ImageObject\",\"inLanguage\":\"cs\",\"@id\":\"https:\/\/lama-bs.sk\/#\/schema\/person\/image\/\",\"url\":\"https:\/\/secure.gravatar.com\/avatar\/0e659a8f06cf0065ce9300b6764e1be77462f651de0b35451251288a234f50a7?s=96&d=mm&r=g\",\"contentUrl\":\"https:\/\/secure.gravatar.com\/avatar\/0e659a8f06cf0065ce9300b6764e1be77462f651de0b35451251288a234f50a7?s=96&d=mm&r=g\",\"caption\":\"LAMA Bamboo\"},\"sameAs\":[\"https:\/\/lama-bs.sk\"],\"url\":\"https:\/\/lama-bs.sk\/cs\/author\/lamabamboo\/\"}]}<\/script>\n<!-- \/ Yoast SEO plugin. -->","yoast_head_json":{"title":"Colortrends 2026: nej\u017ehav\u011bj\u0161\u00ed barvy pro v\u00e1\u0161 domov | LAMA Bamboo systems s.r.o.","description":"Objevte barvy roku 2026 a zjist\u011bte, jak ovlivn\u00ed atmosf\u00e9ru va\u0161eho domova. Nau\u010dte se je kombinovat tak, aby v\u00e1\u0161 interi\u00e9r p\u016fsobil p\u0159irozen\u011b, harmonicky a modern\u011b.","robots":{"index":"index","follow":"follow","max-snippet":"max-snippet:-1","max-image-preview":"max-image-preview:large","max-video-preview":"max-video-preview:-1"},"canonical":"https:\/\/lama-bs.sk\/cs\/colortrends-2026-nejzhavejsi-barvy-pro-vas-domov\/","og_locale":"cs_CZ","og_type":"article","og_title":"Colortrends 2026: nej\u017ehav\u011bj\u0161\u00ed barvy pro v\u00e1\u0161 domov | LAMA Bamboo systems s.r.o.","og_description":"Objevte barvy roku 2026 a zjist\u011bte, jak ovlivn\u00ed atmosf\u00e9ru va\u0161eho domova. Nau\u010dte se je kombinovat tak, aby v\u00e1\u0161 interi\u00e9r p\u016fsobil p\u0159irozen\u011b, harmonicky a modern\u011b.","og_url":"https:\/\/lama-bs.sk\/cs\/colortrends-2026-nejzhavejsi-barvy-pro-vas-domov\/","og_site_name":"LAMA Bamboo systems s.r.o.","article_published_time":"2025-12-02T12:24:24+00:00","article_modified_time":"2026-03-02T13:28:31+00:00","og_image":[{"width":848,"height":565,"url":"https:\/\/lama-bs.sk\/wp-content\/uploads\/2025\/10\/farby-roka-2026.webp","type":"image\/webp"}],"author":"LAMA Bamboo","twitter_card":"summary_large_image","twitter_misc":{"Napsal(a)":"LAMA Bamboo","Odhadovan\u00e1 doba \u010dten\u00ed":"5 minut"},"schema":{"@context":"https:\/\/schema.org","@graph":[{"@type":"WebPage","@id":"https:\/\/lama-bs.sk\/cs\/colortrends-2026-nejzhavejsi-barvy-pro-vas-domov\/","url":"https:\/\/lama-bs.sk\/cs\/colortrends-2026-nejzhavejsi-barvy-pro-vas-domov\/","name":"Colortrends 2026: nej\u017ehav\u011bj\u0161\u00ed barvy pro v\u00e1\u0161 domov | LAMA Bamboo systems s.r.o.","isPartOf":{"@id":"https:\/\/lama-bs.sk\/#website"},"primaryImageOfPage":{"@id":"https:\/\/lama-bs.sk\/cs\/colortrends-2026-nejzhavejsi-barvy-pro-vas-domov\/#primaryimage"},"image":{"@id":"https:\/\/lama-bs.sk\/cs\/colortrends-2026-nejzhavejsi-barvy-pro-vas-domov\/#primaryimage"},"thumbnailUrl":"https:\/\/lama-bs.sk\/wp-content\/uploads\/2025\/10\/farby-roka-2026.webp","datePublished":"2025-12-02T12:24:24+00:00","dateModified":"2026-03-02T13:28:31+00:00","author":{"@id":"https:\/\/lama-bs.sk\/#\/schema\/person\/7d01e68cf0ebb89b4653f4e981d250ec"},"description":"Objevte barvy roku 2026 a zjist\u011bte, jak ovlivn\u00ed atmosf\u00e9ru va\u0161eho domova. Nau\u010dte se je kombinovat tak, aby v\u00e1\u0161 interi\u00e9r p\u016fsobil p\u0159irozen\u011b, harmonicky a modern\u011b.","inLanguage":"cs","potentialAction":[{"@type":"ReadAction","target":["https:\/\/lama-bs.sk\/cs\/colortrends-2026-nejzhavejsi-barvy-pro-vas-domov\/"]}]},{"@type":"ImageObject","inLanguage":"cs","@id":"https:\/\/lama-bs.sk\/cs\/colortrends-2026-nejzhavejsi-barvy-pro-vas-domov\/#primaryimage","url":"https:\/\/lama-bs.sk\/wp-content\/uploads\/2025\/10\/farby-roka-2026.webp","contentUrl":"https:\/\/lama-bs.sk\/wp-content\/uploads\/2025\/10\/farby-roka-2026.webp","width":848,"height":565,"caption":"barvy roku 2026"},{"@type":"WebSite","@id":"https:\/\/lama-bs.sk\/#website","url":"https:\/\/lama-bs.sk\/","name":"LAMA Bamboo systems s.r.o.","description":"","potentialAction":[{"@type":"SearchAction","target":{"@type":"EntryPoint","urlTemplate":"https:\/\/lama-bs.sk\/?s={search_term_string}"},"query-input":{"@type":"PropertyValueSpecification","valueRequired":true,"valueName":"search_term_string"}}],"inLanguage":"cs"},{"@type":"Person","@id":"https:\/\/lama-bs.sk\/#\/schema\/person\/7d01e68cf0ebb89b4653f4e981d250ec","name":"LAMA Bamboo","image":{"@type":"ImageObject","inLanguage":"cs","@id":"https:\/\/lama-bs.sk\/#\/schema\/person\/image\/","url":"https:\/\/secure.gravatar.com\/avatar\/0e659a8f06cf0065ce9300b6764e1be77462f651de0b35451251288a234f50a7?s=96&d=mm&r=g","contentUrl":"https:\/\/secure.gravatar.com\/avatar\/0e659a8f06cf0065ce9300b6764e1be77462f651de0b35451251288a234f50a7?s=96&d=mm&r=g","caption":"LAMA Bamboo"},"sameAs":["https:\/\/lama-bs.sk"],"url":"https:\/\/lama-bs.sk\/cs\/author\/lamabamboo\/"}]}},"_links":{"self":[{"href":"https:\/\/lama-bs.sk\/cs\/wp-json\/wp\/v2\/posts\/5011","targetHints":{"allow":["GET"]}}],"collection":[{"href":"https:\/\/lama-bs.sk\/cs\/wp-json\/wp\/v2\/posts"}],"about":[{"href":"https:\/\/lama-bs.sk\/cs\/wp-json\/wp\/v2\/types\/post"}],"author":[{"embeddable":true,"href":"https:\/\/lama-bs.sk\/cs\/wp-json\/wp\/v2\/users\/1"}],"replies":[{"embeddable":true,"href":"https:\/\/lama-bs.sk\/cs\/wp-json\/wp\/v2\/comments?post=5011"}],"version-history":[{"count":3,"href":"https:\/\/lama-bs.sk\/cs\/wp-json\/wp\/v2\/posts\/5011\/revisions"}],"predecessor-version":[{"id":5363,"href":"https:\/\/lama-bs.sk\/cs\/wp-json\/wp\/v2\/posts\/5011\/revisions\/5363"}],"wp:featuredmedia":[{"embeddable":true,"href":"https:\/\/lama-bs.sk\/cs\/wp-json\/wp\/v2\/media\/4988"}],"wp:attachment":[{"href":"https:\/\/lama-bs.sk\/cs\/wp-json\/wp\/v2\/media?parent=5011"}],"wp:term":[{"taxonomy":"category","embeddable":true,"href":"https:\/\/lama-bs.sk\/cs\/wp-json\/wp\/v2\/categories?post=5011"},{"taxonomy":"post_tag","embeddable":true,"href":"https:\/\/lama-bs.sk\/cs\/wp-json\/wp\/v2\/tags?post=5011"}],"curies":[{"name":"wp","href":"https:\/\/api.w.org\/{rel}","templated":true}]}}